{"id":3401,"date":"2021-04-22T11:56:12","date_gmt":"2021-04-22T10:56:12","guid":{"rendered":"https:\/\/gezek.si\/2021\/04\/22\/gezek-potuje-in-se-izobrazuje\/"},"modified":"2021-04-22T11:56:12","modified_gmt":"2021-04-22T10:56:12","slug":"gezek-potuje-in-se-izobrazuje","status":"publish","type":"post","link":"https:\/\/gezek.si\/en\/2021\/04\/22\/gezek-potuje-in-se-izobrazuje\/","title":{"rendered":"GEZEK POTUJE IN SE IZOBRA\u017dUJE"},"content":{"rendered":"<p class=\"vecji-odstavek\">Ilustrirana knjigica risanega lika v narodni no\u0161i, ki potuje in se izobra\u017euje.<\/p>\n<p><img loading=\"lazy\" decoding=\"async\" class=\"alignnone size-medium wp-image-2032\" src=\"https:\/\/gezek.si\/wp-content\/uploads\/2021\/02\/gezek-potuje-in-se-izobrazuje-1280x720-1-300x169.jpg\" alt=\"\" width=\"300\" height=\"169\" srcset=\"https:\/\/gezek.si\/wp-content\/uploads\/2021\/02\/gezek-potuje-in-se-izobrazuje-1280x720-1-300x169.jpg 300w, https:\/\/gezek.si\/wp-content\/uploads\/2021\/02\/gezek-potuje-in-se-izobrazuje-1280x720-1-600x338.jpg 600w, https:\/\/gezek.si\/wp-content\/uploads\/2021\/02\/gezek-potuje-in-se-izobrazuje-1280x720-1-1024x576.jpg 1024w, https:\/\/gezek.si\/wp-content\/uploads\/2021\/02\/gezek-potuje-in-se-izobrazuje-1280x720-1-768x432.jpg 768w, https:\/\/gezek.si\/wp-content\/uploads\/2021\/02\/gezek-potuje-in-se-izobrazuje-1280x720-1.jpg 1280w\" sizes=\"auto, (max-width: 300px) 100vw, 300px\" \/><\/p>\n<p class=\"manjsi-odstavek\">Lastna ilustrirana knjiga, ki bo povezala dosedanjo dejavnost ter \u017ee razviti in za\u0161\u010diteni risani lik v narodni no\u0161i, ki potuje po razli\u010dnih slovenskih krajih, ti so prikazani skozi risane ilustracije, tem je dodana pou\u010dna vsebina. Razvita knjiga je nadgradnja obstoje\u010dega dela na podro\u010dju kulture, hkrati pa \u017eelimo predvsem mlade navdu\u0161evati nad doma\u010dim, tradicionalnim in lokalnim.<\/p>\n","protected":false},"excerpt":{"rendered":"<p>Ilustrirana knjigica risanega lika v narodni no\u0161i, ki potuje in se izobra\u017euje. Lastna ilustrirana knjiga, ki bo povezala dosedanjo dejavnost ter \u017ee razviti in za\u0161\u010diteni risani lik v narodni no\u0161i, ki potuje po razli\u010dnih slovenskih krajih, ti so prikazani skozi risane ilustracije, tem je dodana pou\u010dna vsebina. Razvita knjiga je nadgradnja obstoje\u010dega dela na podro\u010dju [&hellip;]<\/p>\n","protected":false},"author":1,"featured_media":3278,"comment_status":"open","ping_status":"open","sticky":false,"template":"","format":"standard","meta":{"inline_featured_image":false,"footnotes":""},"categories":[137],"tags":[],"class_list":["post-3401","post","type-post","status-publish","format-standard","has-post-thumbnail","hentry","category-gezekov-blog-en"],"_links":{"self":[{"href":"https:\/\/gezek.si\/en\/wp-json\/wp\/v2\/posts\/3401","targetHints":{"allow":["GET"]}}],"collection":[{"href":"https:\/\/gezek.si\/en\/wp-json\/wp\/v2\/posts"}],"about":[{"href":"https:\/\/gezek.si\/en\/wp-json\/wp\/v2\/types\/post"}],"author":[{"embeddable":true,"href":"https:\/\/gezek.si\/en\/wp-json\/wp\/v2\/users\/1"}],"replies":[{"embeddable":true,"href":"https:\/\/gezek.si\/en\/wp-json\/wp\/v2\/comments?post=3401"}],"version-history":[{"count":0,"href":"https:\/\/gezek.si\/en\/wp-json\/wp\/v2\/posts\/3401\/revisions"}],"wp:featuredmedia":[{"embeddable":true,"href":"https:\/\/gezek.si\/en\/wp-json\/wp\/v2\/media\/3278"}],"wp:attachment":[{"href":"https:\/\/gezek.si\/en\/wp-json\/wp\/v2\/media?parent=3401"}],"wp:term":[{"taxonomy":"category","embeddable":true,"href":"https:\/\/gezek.si\/en\/wp-json\/wp\/v2\/categories?post=3401"},{"taxonomy":"post_tag","embeddable":true,"href":"https:\/\/gezek.si\/en\/wp-json\/wp\/v2\/tags?post=3401"}],"curies":[{"name":"wp","href":"https:\/\/api.w.org\/{rel}","templated":true}]}}